{"id":2111,"date":"2023-07-11T16:46:01","date_gmt":"2023-07-11T14:46:01","guid":{"rendered":"https:\/\/www.planete-acoustique.com\/?p=2111"},"modified":"2023-09-18T15:17:15","modified_gmt":"2023-09-18T13:17:15","slug":"les-projets-urbains-en-faveur-du-developpement-durable-negligent-les-consequences-de-la-pollution-sonore","status":"publish","type":"post","link":"https:\/\/www.planete-acoustique.com\/en\/2023\/07\/11\/les-projets-urbains-en-faveur-du-developpement-durable-negligent-les-consequences-de-la-pollution-sonore\/","title":{"rendered":"Urban projects in favor of sustainable development neglect the consequences of noise pollution"},"content":{"rendered":"","protected":false},"excerpt":{"rendered":"","protected":false},"author":2,"featured_media":2112,"comment_status":"closed","ping_status":"closed","sticky":false,"template":"","format":"standard","meta":{"_acf_changed":false,"footnotes":""},"categories":[47],"tags":[],"class_list":["post-2111","post","type-post","status-publish","format-standard","has-post-thumbnail","hentry","category-nouvelles"],"acf":[],"yoast_head":"<!-- This site is optimized with the Yoast SEO plugin v25.3 - https:\/\/yoast.com\/wordpress\/plugins\/seo\/ -->\n<title>Les projets urbains en faveur du d\u00e9veloppement durable n\u00e9gligent les cons\u00e9quences de la pollution sonore - Planete acoustique<\/title>\n<meta name=\"robots\" content=\"index, follow, max-snippet:-1, max-image-preview:large, max-video-preview:-1\" \/>\n<link rel=\"canonical\" href=\"https:\/\/www.planete-acoustique.com\/en\/2023\/07\/11\/les-projets-urbains-en-faveur-du-developpement-durable-negligent-les-consequences-de-la-pollution-sonore\/\" \/>\n<meta property=\"og:locale\" content=\"en_US\" \/>\n<meta property=\"og:type\" content=\"article\" \/>\n<meta property=\"og:title\" content=\"Les projets urbains en faveur du d\u00e9veloppement durable n\u00e9gligent les cons\u00e9quences de la pollution sonore - Planete acoustique\" \/>\n<meta property=\"og:url\" content=\"https:\/\/www.planete-acoustique.com\/en\/2023\/07\/11\/les-projets-urbains-en-faveur-du-developpement-durable-negligent-les-consequences-de-la-pollution-sonore\/\" \/>\n<meta property=\"og:site_name\" content=\"Planete acoustique\" \/>\n<meta property=\"article:published_time\" content=\"2023-07-11T14:46:01+00:00\" \/>\n<meta property=\"article:modified_time\" content=\"2023-09-18T13:17:15+00:00\" \/>\n<meta property=\"og:image\" content=\"https:\/\/www.planete-acoustique.com\/wp-content\/uploads\/2023\/07\/002-comment-sera-la-ville-durable-de-demain.jpg\" \/>\n\t<meta property=\"og:image:width\" content=\"900\" \/>\n\t<meta property=\"og:image:height\" content=\"600\" \/>\n\t<meta property=\"og:image:type\" content=\"image\/jpeg\" \/>\n<meta name=\"author\" content=\"Laurence Aupetit\" \/>\n<meta name=\"twitter:card\" content=\"summary_large_image\" \/>\n<meta name=\"twitter:label1\" content=\"Written by\" \/>\n\t<meta name=\"twitter:data1\" content=\"Laurence Aupetit\" \/>\n<script type=\"application\/ld+json\" class=\"yoast-schema-graph\">{\"@context\":\"https:\/\/schema.org\",\"@graph\":[{\"@type\":\"WebPage\",\"@id\":\"https:\/\/www.planete-acoustique.com\/2023\/07\/11\/les-projets-urbains-en-faveur-du-developpement-durable-negligent-les-consequences-de-la-pollution-sonore\/\",\"url\":\"https:\/\/www.planete-acoustique.com\/2023\/07\/11\/les-projets-urbains-en-faveur-du-developpement-durable-negligent-les-consequences-de-la-pollution-sonore\/\",\"name\":\"Les projets urbains en faveur du d\u00e9veloppement durable n\u00e9gligent les cons\u00e9quences de la pollution sonore - Planete acoustique\",\"isPartOf\":{\"@id\":\"https:\/\/www.planete-acoustique.com\/#website\"},\"primaryImageOfPage\":{\"@id\":\"https:\/\/www.planete-acoustique.com\/2023\/07\/11\/les-projets-urbains-en-faveur-du-developpement-durable-negligent-les-consequences-de-la-pollution-sonore\/#primaryimage\"},\"image\":{\"@id\":\"https:\/\/www.planete-acoustique.com\/2023\/07\/11\/les-projets-urbains-en-faveur-du-developpement-durable-negligent-les-consequences-de-la-pollution-sonore\/#primaryimage\"},\"thumbnailUrl\":\"https:\/\/www.planete-acoustique.com\/wp-content\/uploads\/2023\/07\/002-comment-sera-la-ville-durable-de-demain.jpg\",\"datePublished\":\"2023-07-11T14:46:01+00:00\",\"dateModified\":\"2023-09-18T13:17:15+00:00\",\"author\":{\"@id\":\"https:\/\/www.planete-acoustique.com\/#\/schema\/person\/d28209fb379e0056497bad700a5a8643\"},\"breadcrumb\":{\"@id\":\"https:\/\/www.planete-acoustique.com\/2023\/07\/11\/les-projets-urbains-en-faveur-du-developpement-durable-negligent-les-consequences-de-la-pollution-sonore\/#breadcrumb\"},\"inLanguage\":\"en-US\",\"potentialAction\":[{\"@type\":\"ReadAction\",\"target\":[\"https:\/\/www.planete-acoustique.com\/2023\/07\/11\/les-projets-urbains-en-faveur-du-developpement-durable-negligent-les-consequences-de-la-pollution-sonore\/\"]}]},{\"@type\":\"ImageObject\",\"inLanguage\":\"en-US\",\"@id\":\"https:\/\/www.planete-acoustique.com\/2023\/07\/11\/les-projets-urbains-en-faveur-du-developpement-durable-negligent-les-consequences-de-la-pollution-sonore\/#primaryimage\",\"url\":\"https:\/\/www.planete-acoustique.com\/wp-content\/uploads\/2023\/07\/002-comment-sera-la-ville-durable-de-demain.jpg\",\"contentUrl\":\"https:\/\/www.planete-acoustique.com\/wp-content\/uploads\/2023\/07\/002-comment-sera-la-ville-durable-de-demain.jpg\",\"width\":900,\"height\":600},{\"@type\":\"BreadcrumbList\",\"@id\":\"https:\/\/www.planete-acoustique.com\/2023\/07\/11\/les-projets-urbains-en-faveur-du-developpement-durable-negligent-les-consequences-de-la-pollution-sonore\/#breadcrumb\",\"itemListElement\":[{\"@type\":\"ListItem\",\"position\":1,\"name\":\"Accueil\",\"item\":\"https:\/\/www.planete-acoustique.com\/\"},{\"@type\":\"ListItem\",\"position\":2,\"name\":\"Les projets urbains en faveur du d\u00e9veloppement durable n\u00e9gligent les cons\u00e9quences de la pollution sonore\"}]},{\"@type\":\"WebSite\",\"@id\":\"https:\/\/www.planete-acoustique.com\/#website\",\"url\":\"https:\/\/www.planete-acoustique.com\/\",\"name\":\"Planete acoustique\",\"description\":\"\",\"potentialAction\":[{\"@type\":\"SearchAction\",\"target\":{\"@type\":\"EntryPoint\",\"urlTemplate\":\"https:\/\/www.planete-acoustique.com\/?s={search_term_string}\"},\"query-input\":{\"@type\":\"PropertyValueSpecification\",\"valueRequired\":true,\"valueName\":\"search_term_string\"}}],\"inLanguage\":\"en-US\"},{\"@type\":\"Person\",\"@id\":\"https:\/\/www.planete-acoustique.com\/#\/schema\/person\/d28209fb379e0056497bad700a5a8643\",\"name\":\"Laurence Aupetit\",\"image\":{\"@type\":\"ImageObject\",\"inLanguage\":\"en-US\",\"@id\":\"https:\/\/www.planete-acoustique.com\/#\/schema\/person\/image\/\",\"url\":\"https:\/\/secure.gravatar.com\/avatar\/227d661649e3447487daa659963254a1375d94e749a95cc9d082eb4246cafd47?s=96&d=mm&r=g\",\"contentUrl\":\"https:\/\/secure.gravatar.com\/avatar\/227d661649e3447487daa659963254a1375d94e749a95cc9d082eb4246cafd47?s=96&d=mm&r=g\",\"caption\":\"Laurence Aupetit\"},\"url\":\"https:\/\/www.planete-acoustique.com\/en\/author\/laurence-aupetit\/\"}]}<\/script>\n<!-- \/ Yoast SEO plugin. -->","yoast_head_json":{"title":"Les projets urbains en faveur du d\u00e9veloppement durable n\u00e9gligent les cons\u00e9quences de la pollution sonore - Planete acoustique","robots":{"index":"index","follow":"follow","max-snippet":"max-snippet:-1","max-image-preview":"max-image-preview:large","max-video-preview":"max-video-preview:-1"},"canonical":"https:\/\/www.planete-acoustique.com\/en\/2023\/07\/11\/les-projets-urbains-en-faveur-du-developpement-durable-negligent-les-consequences-de-la-pollution-sonore\/","og_locale":"en_US","og_type":"article","og_title":"Les projets urbains en faveur du d\u00e9veloppement durable n\u00e9gligent les cons\u00e9quences de la pollution sonore - Planete acoustique","og_url":"https:\/\/www.planete-acoustique.com\/en\/2023\/07\/11\/les-projets-urbains-en-faveur-du-developpement-durable-negligent-les-consequences-de-la-pollution-sonore\/","og_site_name":"Planete acoustique","article_published_time":"2023-07-11T14:46:01+00:00","article_modified_time":"2023-09-18T13:17:15+00:00","og_image":[{"width":900,"height":600,"url":"https:\/\/www.planete-acoustique.com\/wp-content\/uploads\/2023\/07\/002-comment-sera-la-ville-durable-de-demain.jpg","type":"image\/jpeg"}],"author":"Laurence Aupetit","twitter_card":"summary_large_image","twitter_misc":{"Written by":"Laurence Aupetit"},"schema":{"@context":"https:\/\/schema.org","@graph":[{"@type":"WebPage","@id":"https:\/\/www.planete-acoustique.com\/2023\/07\/11\/les-projets-urbains-en-faveur-du-developpement-durable-negligent-les-consequences-de-la-pollution-sonore\/","url":"https:\/\/www.planete-acoustique.com\/2023\/07\/11\/les-projets-urbains-en-faveur-du-developpement-durable-negligent-les-consequences-de-la-pollution-sonore\/","name":"Les projets urbains en faveur du d\u00e9veloppement durable n\u00e9gligent les cons\u00e9quences de la pollution sonore - Planete acoustique","isPartOf":{"@id":"https:\/\/www.planete-acoustique.com\/#website"},"primaryImageOfPage":{"@id":"https:\/\/www.planete-acoustique.com\/2023\/07\/11\/les-projets-urbains-en-faveur-du-developpement-durable-negligent-les-consequences-de-la-pollution-sonore\/#primaryimage"},"image":{"@id":"https:\/\/www.planete-acoustique.com\/2023\/07\/11\/les-projets-urbains-en-faveur-du-developpement-durable-negligent-les-consequences-de-la-pollution-sonore\/#primaryimage"},"thumbnailUrl":"https:\/\/www.planete-acoustique.com\/wp-content\/uploads\/2023\/07\/002-comment-sera-la-ville-durable-de-demain.jpg","datePublished":"2023-07-11T14:46:01+00:00","dateModified":"2023-09-18T13:17:15+00:00","author":{"@id":"https:\/\/www.planete-acoustique.com\/#\/schema\/person\/d28209fb379e0056497bad700a5a8643"},"breadcrumb":{"@id":"https:\/\/www.planete-acoustique.com\/2023\/07\/11\/les-projets-urbains-en-faveur-du-developpement-durable-negligent-les-consequences-de-la-pollution-sonore\/#breadcrumb"},"inLanguage":"en-US","potentialAction":[{"@type":"ReadAction","target":["https:\/\/www.planete-acoustique.com\/2023\/07\/11\/les-projets-urbains-en-faveur-du-developpement-durable-negligent-les-consequences-de-la-pollution-sonore\/"]}]},{"@type":"ImageObject","inLanguage":"en-US","@id":"https:\/\/www.planete-acoustique.com\/2023\/07\/11\/les-projets-urbains-en-faveur-du-developpement-durable-negligent-les-consequences-de-la-pollution-sonore\/#primaryimage","url":"https:\/\/www.planete-acoustique.com\/wp-content\/uploads\/2023\/07\/002-comment-sera-la-ville-durable-de-demain.jpg","contentUrl":"https:\/\/www.planete-acoustique.com\/wp-content\/uploads\/2023\/07\/002-comment-sera-la-ville-durable-de-demain.jpg","width":900,"height":600},{"@type":"BreadcrumbList","@id":"https:\/\/www.planete-acoustique.com\/2023\/07\/11\/les-projets-urbains-en-faveur-du-developpement-durable-negligent-les-consequences-de-la-pollution-sonore\/#breadcrumb","itemListElement":[{"@type":"ListItem","position":1,"name":"Accueil","item":"https:\/\/www.planete-acoustique.com\/"},{"@type":"ListItem","position":2,"name":"Les projets urbains en faveur du d\u00e9veloppement durable n\u00e9gligent les cons\u00e9quences de la pollution sonore"}]},{"@type":"WebSite","@id":"https:\/\/www.planete-acoustique.com\/#website","url":"https:\/\/www.planete-acoustique.com\/","name":"Planete acoustique","description":"","potentialAction":[{"@type":"SearchAction","target":{"@type":"EntryPoint","urlTemplate":"https:\/\/www.planete-acoustique.com\/?s={search_term_string}"},"query-input":{"@type":"PropertyValueSpecification","valueRequired":true,"valueName":"search_term_string"}}],"inLanguage":"en-US"},{"@type":"Person","@id":"https:\/\/www.planete-acoustique.com\/#\/schema\/person\/d28209fb379e0056497bad700a5a8643","name":"Laurence Aupetit","image":{"@type":"ImageObject","inLanguage":"en-US","@id":"https:\/\/www.planete-acoustique.com\/#\/schema\/person\/image\/","url":"https:\/\/secure.gravatar.com\/avatar\/227d661649e3447487daa659963254a1375d94e749a95cc9d082eb4246cafd47?s=96&d=mm&r=g","contentUrl":"https:\/\/secure.gravatar.com\/avatar\/227d661649e3447487daa659963254a1375d94e749a95cc9d082eb4246cafd47?s=96&d=mm&r=g","caption":"Laurence Aupetit"},"url":"https:\/\/www.planete-acoustique.com\/en\/author\/laurence-aupetit\/"}]}},"_links":{"self":[{"href":"https:\/\/www.planete-acoustique.com\/en\/wp-json\/wp\/v2\/posts\/2111","targetHints":{"allow":["GET"]}}],"collection":[{"href":"https:\/\/www.planete-acoustique.com\/en\/wp-json\/wp\/v2\/posts"}],"about":[{"href":"https:\/\/www.planete-acoustique.com\/en\/wp-json\/wp\/v2\/types\/post"}],"author":[{"embeddable":true,"href":"https:\/\/www.planete-acoustique.com\/en\/wp-json\/wp\/v2\/users\/2"}],"replies":[{"embeddable":true,"href":"https:\/\/www.planete-acoustique.com\/en\/wp-json\/wp\/v2\/comments?post=2111"}],"version-history":[{"count":4,"href":"https:\/\/www.planete-acoustique.com\/en\/wp-json\/wp\/v2\/posts\/2111\/revisions"}],"predecessor-version":[{"id":2149,"href":"https:\/\/www.planete-acoustique.com\/en\/wp-json\/wp\/v2\/posts\/2111\/revisions\/2149"}],"wp:featuredmedia":[{"embeddable":true,"href":"https:\/\/www.planete-acoustique.com\/en\/wp-json\/wp\/v2\/media\/2112"}],"wp:attachment":[{"href":"https:\/\/www.planete-acoustique.com\/en\/wp-json\/wp\/v2\/media?parent=2111"}],"wp:term":[{"taxonomy":"category","embeddable":true,"href":"https:\/\/www.planete-acoustique.com\/en\/wp-json\/wp\/v2\/categories?post=2111"},{"taxonomy":"post_tag","embeddable":true,"href":"https:\/\/www.planete-acoustique.com\/en\/wp-json\/wp\/v2\/tags?post=2111"}],"curies":[{"name":"wp","href":"https:\/\/api.w.org\/{rel}","templated":true}]}}